{"id":432,"date":"2026-01-21T22:46:00","date_gmt":"2026-01-21T21:46:00","guid":{"rendered":"http:\/\/www.nojo.fr\/?p=432"},"modified":"2026-01-22T10:48:45","modified_gmt":"2026-01-22T09:48:45","slug":"visite-de-lexposition-brigitte-mylene-michele-les-petites-cheries-de-la-cote-dazur","status":"publish","type":"post","link":"http:\/\/www.nojo.fr\/index.php\/2026\/01\/21\/visite-de-lexposition-brigitte-mylene-michele-les-petites-cheries-de-la-cote-dazur\/","title":{"rendered":"Visite de l\u2019exposition \u201cBrigitte, Myl\u00e8ne &amp; Mich\u00e8le \u2013 Les petites ch\u00e9ries de la C\u00f4te d\u2019Azur\u201d"},"content":{"rendered":"\n<figure class=\"wp-block-image size-medium\"><img loading=\"lazy\" decoding=\"async\" width=\"253\" height=\"300\" src=\"http:\/\/www.nojo.fr\/wp-content\/uploads\/2026\/01\/IMG_6024-253x300.jpeg\" alt=\"\" class=\"wp-image-433\" srcset=\"http:\/\/www.nojo.fr\/wp-content\/uploads\/2026\/01\/IMG_6024-253x300.jpeg 253w, http:\/\/www.nojo.fr\/wp-content\/uploads\/2026\/01\/IMG_6024-864x1024.jpeg 864w, http:\/\/www.nojo.fr\/wp-content\/uploads\/2026\/01\/IMG_6024-768x910.jpeg 768w, http:\/\/www.nojo.fr\/wp-content\/uploads\/2026\/01\/IMG_6024-1297x1536.jpeg 1297w, http:\/\/www.nojo.fr\/wp-content\/uploads\/2026\/01\/IMG_6024-1729x2048.jpeg 1729w\" sizes=\"auto, (max-width: 253px) 100vw, 253px\" \/><\/figure>\n\n\n\n<p>Visite de l\u2019exposition \u201c<strong>Brigitte, Myl\u00e8ne &amp; Mich\u00e8le \u2013 Les petites ch\u00e9ries de la C\u00f4te d\u2019Azur<\/strong>\u201d, voir le <a href=\"http:\/\/blog.nojo.fr\/index.php\/2026\/01\/21\/exposition-brigitte-mylene-michele-les-petites-cheries-de-la-cote-dazur\/\">blog<\/a><\/p>\n","protected":false},"excerpt":{"rendered":"<p>Visite de l\u2019exposition \u201cBrigitte, Myl\u00e8ne &amp; Mich\u00e8le \u2013 Les petites ch\u00e9ries de la C\u00f4te d\u2019Azur\u201d, voir le blog<\/p>\n","protected":false},"author":1,"featured_media":0,"comment_status":"open","ping_status":"open","sticky":false,"template":"","format":"standard","meta":{"footnotes":""},"categories":[5],"tags":[13,16],"class_list":["post-432","post","type-post","status-publish","format-standard","hentry","category-general","tag-exposition","tag-nice"],"yoast_head":"<!-- This site is optimized with the Yoast SEO plugin v27.4 - https:\/\/yoast.com\/product\/yoast-seo-wordpress\/ -->\n<title>Visite de l\u2019exposition \u201cBrigitte, Myl\u00e8ne &amp; Mich\u00e8le \u2013 Les petites ch\u00e9ries de la C\u00f4te d\u2019Azur\u201d - Le web de Sergiodadi<\/title>\n<meta name=\"robots\" content=\"index, follow, max-snippet:-1, max-image-preview:large, max-video-preview:-1\" \/>\n<link rel=\"canonical\" href=\"http:\/\/www.nojo.fr\/index.php\/2026\/01\/21\/visite-de-lexposition-brigitte-mylene-michele-les-petites-cheries-de-la-cote-dazur\/\" \/>\n<meta property=\"og:locale\" content=\"fr_FR\" \/>\n<meta property=\"og:type\" content=\"article\" \/>\n<meta property=\"og:title\" content=\"Visite de l\u2019exposition \u201cBrigitte, Myl\u00e8ne &amp; Mich\u00e8le \u2013 Les petites ch\u00e9ries de la C\u00f4te d\u2019Azur\u201d - Le web de Sergiodadi\" \/>\n<meta property=\"og:description\" content=\"Visite de l\u2019exposition \u201cBrigitte, Myl\u00e8ne &amp; Mich\u00e8le \u2013 Les petites ch\u00e9ries de la C\u00f4te d\u2019Azur\u201d, voir le blog\" \/>\n<meta property=\"og:url\" content=\"http:\/\/www.nojo.fr\/index.php\/2026\/01\/21\/visite-de-lexposition-brigitte-mylene-michele-les-petites-cheries-de-la-cote-dazur\/\" \/>\n<meta property=\"og:site_name\" content=\"Le web de Sergiodadi\" \/>\n<meta property=\"article:published_time\" content=\"2026-01-21T21:46:00+00:00\" \/>\n<meta property=\"article:modified_time\" content=\"2026-01-22T09:48:45+00:00\" \/>\n<meta property=\"og:image\" content=\"http:\/\/www.nojo.fr\/wp-content\/uploads\/2026\/01\/IMG_6024-scaled.jpeg\" \/>\n\t<meta property=\"og:image:width\" content=\"2161\" \/>\n\t<meta property=\"og:image:height\" content=\"2560\" \/>\n\t<meta property=\"og:image:type\" content=\"image\/jpeg\" \/>\n<meta name=\"author\" content=\"admin-wordpress-serge\" \/>\n<meta name=\"twitter:card\" content=\"summary_large_image\" \/>\n<meta name=\"twitter:label1\" content=\"\u00c9crit par\" \/>\n\t<meta name=\"twitter:data1\" content=\"admin-wordpress-serge\" \/>\n\t<meta name=\"twitter:label2\" content=\"Dur\u00e9e de lecture estim\u00e9e\" \/>\n\t<meta name=\"twitter:data2\" content=\"1 minute\" \/>\n<script type=\"application\/ld+json\" class=\"yoast-schema-graph\">{\"@context\":\"https:\\\/\\\/schema.org\",\"@graph\":[{\"@type\":\"Article\",\"@id\":\"http:\\\/\\\/www.nojo.fr\\\/index.php\\\/2026\\\/01\\\/21\\\/visite-de-lexposition-brigitte-mylene-michele-les-petites-cheries-de-la-cote-dazur\\\/#article\",\"isPartOf\":{\"@id\":\"http:\\\/\\\/www.nojo.fr\\\/index.php\\\/2026\\\/01\\\/21\\\/visite-de-lexposition-brigitte-mylene-michele-les-petites-cheries-de-la-cote-dazur\\\/\"},\"author\":{\"name\":\"admin-wordpress-serge\",\"@id\":\"https:\\\/\\\/www.nojo.fr\\\/#\\\/schema\\\/person\\\/e4c6ff122cc2d9b131df7a34b5c0754c\"},\"headline\":\"Visite de l\u2019exposition \u201cBrigitte, Myl\u00e8ne &amp; Mich\u00e8le \u2013 Les petites ch\u00e9ries de la C\u00f4te d\u2019Azur\u201d\",\"datePublished\":\"2026-01-21T21:46:00+00:00\",\"dateModified\":\"2026-01-22T09:48:45+00:00\",\"mainEntityOfPage\":{\"@id\":\"http:\\\/\\\/www.nojo.fr\\\/index.php\\\/2026\\\/01\\\/21\\\/visite-de-lexposition-brigitte-mylene-michele-les-petites-cheries-de-la-cote-dazur\\\/\"},\"wordCount\":43,\"commentCount\":0,\"publisher\":{\"@id\":\"https:\\\/\\\/www.nojo.fr\\\/#\\\/schema\\\/person\\\/e4c6ff122cc2d9b131df7a34b5c0754c\"},\"image\":{\"@id\":\"http:\\\/\\\/www.nojo.fr\\\/index.php\\\/2026\\\/01\\\/21\\\/visite-de-lexposition-brigitte-mylene-michele-les-petites-cheries-de-la-cote-dazur\\\/#primaryimage\"},\"thumbnailUrl\":\"http:\\\/\\\/www.nojo.fr\\\/wp-content\\\/uploads\\\/2026\\\/01\\\/IMG_6024-253x300.jpeg\",\"keywords\":[\"Exposition\",\"Nice\"],\"articleSection\":[\"g\u00e9n\u00e9ral\"],\"inLanguage\":\"fr-FR\",\"potentialAction\":[{\"@type\":\"CommentAction\",\"name\":\"Comment\",\"target\":[\"http:\\\/\\\/www.nojo.fr\\\/index.php\\\/2026\\\/01\\\/21\\\/visite-de-lexposition-brigitte-mylene-michele-les-petites-cheries-de-la-cote-dazur\\\/#respond\"]}]},{\"@type\":\"WebPage\",\"@id\":\"http:\\\/\\\/www.nojo.fr\\\/index.php\\\/2026\\\/01\\\/21\\\/visite-de-lexposition-brigitte-mylene-michele-les-petites-cheries-de-la-cote-dazur\\\/\",\"url\":\"http:\\\/\\\/www.nojo.fr\\\/index.php\\\/2026\\\/01\\\/21\\\/visite-de-lexposition-brigitte-mylene-michele-les-petites-cheries-de-la-cote-dazur\\\/\",\"name\":\"Visite de l\u2019exposition \u201cBrigitte, Myl\u00e8ne &amp; Mich\u00e8le \u2013 Les petites ch\u00e9ries de la C\u00f4te d\u2019Azur\u201d - Le web de Sergiodadi\",\"isPartOf\":{\"@id\":\"https:\\\/\\\/www.nojo.fr\\\/#website\"},\"primaryImageOfPage\":{\"@id\":\"http:\\\/\\\/www.nojo.fr\\\/index.php\\\/2026\\\/01\\\/21\\\/visite-de-lexposition-brigitte-mylene-michele-les-petites-cheries-de-la-cote-dazur\\\/#primaryimage\"},\"image\":{\"@id\":\"http:\\\/\\\/www.nojo.fr\\\/index.php\\\/2026\\\/01\\\/21\\\/visite-de-lexposition-brigitte-mylene-michele-les-petites-cheries-de-la-cote-dazur\\\/#primaryimage\"},\"thumbnailUrl\":\"http:\\\/\\\/www.nojo.fr\\\/wp-content\\\/uploads\\\/2026\\\/01\\\/IMG_6024-253x300.jpeg\",\"datePublished\":\"2026-01-21T21:46:00+00:00\",\"dateModified\":\"2026-01-22T09:48:45+00:00\",\"breadcrumb\":{\"@id\":\"http:\\\/\\\/www.nojo.fr\\\/index.php\\\/2026\\\/01\\\/21\\\/visite-de-lexposition-brigitte-mylene-michele-les-petites-cheries-de-la-cote-dazur\\\/#breadcrumb\"},\"inLanguage\":\"fr-FR\",\"potentialAction\":[{\"@type\":\"ReadAction\",\"target\":[\"http:\\\/\\\/www.nojo.fr\\\/index.php\\\/2026\\\/01\\\/21\\\/visite-de-lexposition-brigitte-mylene-michele-les-petites-cheries-de-la-cote-dazur\\\/\"]}]},{\"@type\":\"ImageObject\",\"inLanguage\":\"fr-FR\",\"@id\":\"http:\\\/\\\/www.nojo.fr\\\/index.php\\\/2026\\\/01\\\/21\\\/visite-de-lexposition-brigitte-mylene-michele-les-petites-cheries-de-la-cote-dazur\\\/#primaryimage\",\"url\":\"http:\\\/\\\/www.nojo.fr\\\/wp-content\\\/uploads\\\/2026\\\/01\\\/IMG_6024-scaled.jpeg\",\"contentUrl\":\"http:\\\/\\\/www.nojo.fr\\\/wp-content\\\/uploads\\\/2026\\\/01\\\/IMG_6024-scaled.jpeg\",\"width\":2161,\"height\":2560},{\"@type\":\"BreadcrumbList\",\"@id\":\"http:\\\/\\\/www.nojo.fr\\\/index.php\\\/2026\\\/01\\\/21\\\/visite-de-lexposition-brigitte-mylene-michele-les-petites-cheries-de-la-cote-dazur\\\/#breadcrumb\",\"itemListElement\":[{\"@type\":\"ListItem\",\"position\":1,\"name\":\"Accueil\",\"item\":\"https:\\\/\\\/www.nojo.fr\\\/\"},{\"@type\":\"ListItem\",\"position\":2,\"name\":\"Visite de l\u2019exposition \u201cBrigitte, Myl\u00e8ne &amp; Mich\u00e8le \u2013 Les petites ch\u00e9ries de la C\u00f4te d\u2019Azur\u201d\"}]},{\"@type\":\"WebSite\",\"@id\":\"https:\\\/\\\/www.nojo.fr\\\/#website\",\"url\":\"https:\\\/\\\/www.nojo.fr\\\/\",\"name\":\"Le web de Sergiodadi\",\"description\":\"Musique, Balade, Mus\u00e9e, Livres, Photos \u2026\",\"publisher\":{\"@id\":\"https:\\\/\\\/www.nojo.fr\\\/#\\\/schema\\\/person\\\/e4c6ff122cc2d9b131df7a34b5c0754c\"},\"potentialAction\":[{\"@type\":\"SearchAction\",\"target\":{\"@type\":\"EntryPoint\",\"urlTemplate\":\"https:\\\/\\\/www.nojo.fr\\\/?s={search_term_string}\"},\"query-input\":{\"@type\":\"PropertyValueSpecification\",\"valueRequired\":true,\"valueName\":\"search_term_string\"}}],\"inLanguage\":\"fr-FR\"},{\"@type\":[\"Person\",\"Organization\"],\"@id\":\"https:\\\/\\\/www.nojo.fr\\\/#\\\/schema\\\/person\\\/e4c6ff122cc2d9b131df7a34b5c0754c\",\"name\":\"admin-wordpress-serge\",\"image\":{\"@type\":\"ImageObject\",\"inLanguage\":\"fr-FR\",\"@id\":\"https:\\\/\\\/www.nojo.fr\\\/wp-content\\\/uploads\\\/2024\\\/10\\\/IMG_2723-scaled.jpeg\",\"url\":\"https:\\\/\\\/www.nojo.fr\\\/wp-content\\\/uploads\\\/2024\\\/10\\\/IMG_2723-scaled.jpeg\",\"contentUrl\":\"https:\\\/\\\/www.nojo.fr\\\/wp-content\\\/uploads\\\/2024\\\/10\\\/IMG_2723-scaled.jpeg\",\"width\":2560,\"height\":1920,\"caption\":\"admin-wordpress-serge\"},\"logo\":{\"@id\":\"https:\\\/\\\/www.nojo.fr\\\/wp-content\\\/uploads\\\/2024\\\/10\\\/IMG_2723-scaled.jpeg\"},\"sameAs\":[\"http:\\\/\\\/www.nojo.fr\"],\"url\":\"http:\\\/\\\/www.nojo.fr\\\/index.php\\\/author\\\/admin-wordpress-serge\\\/\"}]}<\/script>\n<!-- \/ Yoast SEO plugin. -->","yoast_head_json":{"title":"Visite de l\u2019exposition \u201cBrigitte, Myl\u00e8ne &amp; Mich\u00e8le \u2013 Les petites ch\u00e9ries de la C\u00f4te d\u2019Azur\u201d - Le web de Sergiodadi","robots":{"index":"index","follow":"follow","max-snippet":"max-snippet:-1","max-image-preview":"max-image-preview:large","max-video-preview":"max-video-preview:-1"},"canonical":"http:\/\/www.nojo.fr\/index.php\/2026\/01\/21\/visite-de-lexposition-brigitte-mylene-michele-les-petites-cheries-de-la-cote-dazur\/","og_locale":"fr_FR","og_type":"article","og_title":"Visite de l\u2019exposition \u201cBrigitte, Myl\u00e8ne &amp; Mich\u00e8le \u2013 Les petites ch\u00e9ries de la C\u00f4te d\u2019Azur\u201d - Le web de Sergiodadi","og_description":"Visite de l\u2019exposition \u201cBrigitte, Myl\u00e8ne &amp; Mich\u00e8le \u2013 Les petites ch\u00e9ries de la C\u00f4te d\u2019Azur\u201d, voir le blog","og_url":"http:\/\/www.nojo.fr\/index.php\/2026\/01\/21\/visite-de-lexposition-brigitte-mylene-michele-les-petites-cheries-de-la-cote-dazur\/","og_site_name":"Le web de Sergiodadi","article_published_time":"2026-01-21T21:46:00+00:00","article_modified_time":"2026-01-22T09:48:45+00:00","og_image":[{"width":2161,"height":2560,"url":"http:\/\/www.nojo.fr\/wp-content\/uploads\/2026\/01\/IMG_6024-scaled.jpeg","type":"image\/jpeg"}],"author":"admin-wordpress-serge","twitter_card":"summary_large_image","twitter_misc":{"\u00c9crit par":"admin-wordpress-serge","Dur\u00e9e de lecture estim\u00e9e":"1 minute"},"schema":{"@context":"https:\/\/schema.org","@graph":[{"@type":"Article","@id":"http:\/\/www.nojo.fr\/index.php\/2026\/01\/21\/visite-de-lexposition-brigitte-mylene-michele-les-petites-cheries-de-la-cote-dazur\/#article","isPartOf":{"@id":"http:\/\/www.nojo.fr\/index.php\/2026\/01\/21\/visite-de-lexposition-brigitte-mylene-michele-les-petites-cheries-de-la-cote-dazur\/"},"author":{"name":"admin-wordpress-serge","@id":"https:\/\/www.nojo.fr\/#\/schema\/person\/e4c6ff122cc2d9b131df7a34b5c0754c"},"headline":"Visite de l\u2019exposition \u201cBrigitte, Myl\u00e8ne &amp; Mich\u00e8le \u2013 Les petites ch\u00e9ries de la C\u00f4te d\u2019Azur\u201d","datePublished":"2026-01-21T21:46:00+00:00","dateModified":"2026-01-22T09:48:45+00:00","mainEntityOfPage":{"@id":"http:\/\/www.nojo.fr\/index.php\/2026\/01\/21\/visite-de-lexposition-brigitte-mylene-michele-les-petites-cheries-de-la-cote-dazur\/"},"wordCount":43,"commentCount":0,"publisher":{"@id":"https:\/\/www.nojo.fr\/#\/schema\/person\/e4c6ff122cc2d9b131df7a34b5c0754c"},"image":{"@id":"http:\/\/www.nojo.fr\/index.php\/2026\/01\/21\/visite-de-lexposition-brigitte-mylene-michele-les-petites-cheries-de-la-cote-dazur\/#primaryimage"},"thumbnailUrl":"http:\/\/www.nojo.fr\/wp-content\/uploads\/2026\/01\/IMG_6024-253x300.jpeg","keywords":["Exposition","Nice"],"articleSection":["g\u00e9n\u00e9ral"],"inLanguage":"fr-FR","potentialAction":[{"@type":"CommentAction","name":"Comment","target":["http:\/\/www.nojo.fr\/index.php\/2026\/01\/21\/visite-de-lexposition-brigitte-mylene-michele-les-petites-cheries-de-la-cote-dazur\/#respond"]}]},{"@type":"WebPage","@id":"http:\/\/www.nojo.fr\/index.php\/2026\/01\/21\/visite-de-lexposition-brigitte-mylene-michele-les-petites-cheries-de-la-cote-dazur\/","url":"http:\/\/www.nojo.fr\/index.php\/2026\/01\/21\/visite-de-lexposition-brigitte-mylene-michele-les-petites-cheries-de-la-cote-dazur\/","name":"Visite de l\u2019exposition \u201cBrigitte, Myl\u00e8ne &amp; Mich\u00e8le \u2013 Les petites ch\u00e9ries de la C\u00f4te d\u2019Azur\u201d - Le web de Sergiodadi","isPartOf":{"@id":"https:\/\/www.nojo.fr\/#website"},"primaryImageOfPage":{"@id":"http:\/\/www.nojo.fr\/index.php\/2026\/01\/21\/visite-de-lexposition-brigitte-mylene-michele-les-petites-cheries-de-la-cote-dazur\/#primaryimage"},"image":{"@id":"http:\/\/www.nojo.fr\/index.php\/2026\/01\/21\/visite-de-lexposition-brigitte-mylene-michele-les-petites-cheries-de-la-cote-dazur\/#primaryimage"},"thumbnailUrl":"http:\/\/www.nojo.fr\/wp-content\/uploads\/2026\/01\/IMG_6024-253x300.jpeg","datePublished":"2026-01-21T21:46:00+00:00","dateModified":"2026-01-22T09:48:45+00:00","breadcrumb":{"@id":"http:\/\/www.nojo.fr\/index.php\/2026\/01\/21\/visite-de-lexposition-brigitte-mylene-michele-les-petites-cheries-de-la-cote-dazur\/#breadcrumb"},"inLanguage":"fr-FR","potentialAction":[{"@type":"ReadAction","target":["http:\/\/www.nojo.fr\/index.php\/2026\/01\/21\/visite-de-lexposition-brigitte-mylene-michele-les-petites-cheries-de-la-cote-dazur\/"]}]},{"@type":"ImageObject","inLanguage":"fr-FR","@id":"http:\/\/www.nojo.fr\/index.php\/2026\/01\/21\/visite-de-lexposition-brigitte-mylene-michele-les-petites-cheries-de-la-cote-dazur\/#primaryimage","url":"http:\/\/www.nojo.fr\/wp-content\/uploads\/2026\/01\/IMG_6024-scaled.jpeg","contentUrl":"http:\/\/www.nojo.fr\/wp-content\/uploads\/2026\/01\/IMG_6024-scaled.jpeg","width":2161,"height":2560},{"@type":"BreadcrumbList","@id":"http:\/\/www.nojo.fr\/index.php\/2026\/01\/21\/visite-de-lexposition-brigitte-mylene-michele-les-petites-cheries-de-la-cote-dazur\/#breadcrumb","itemListElement":[{"@type":"ListItem","position":1,"name":"Accueil","item":"https:\/\/www.nojo.fr\/"},{"@type":"ListItem","position":2,"name":"Visite de l\u2019exposition \u201cBrigitte, Myl\u00e8ne &amp; Mich\u00e8le \u2013 Les petites ch\u00e9ries de la C\u00f4te d\u2019Azur\u201d"}]},{"@type":"WebSite","@id":"https:\/\/www.nojo.fr\/#website","url":"https:\/\/www.nojo.fr\/","name":"Le web de Sergiodadi","description":"Musique, Balade, Mus\u00e9e, Livres, Photos \u2026","publisher":{"@id":"https:\/\/www.nojo.fr\/#\/schema\/person\/e4c6ff122cc2d9b131df7a34b5c0754c"},"potentialAction":[{"@type":"SearchAction","target":{"@type":"EntryPoint","urlTemplate":"https:\/\/www.nojo.fr\/?s={search_term_string}"},"query-input":{"@type":"PropertyValueSpecification","valueRequired":true,"valueName":"search_term_string"}}],"inLanguage":"fr-FR"},{"@type":["Person","Organization"],"@id":"https:\/\/www.nojo.fr\/#\/schema\/person\/e4c6ff122cc2d9b131df7a34b5c0754c","name":"admin-wordpress-serge","image":{"@type":"ImageObject","inLanguage":"fr-FR","@id":"https:\/\/www.nojo.fr\/wp-content\/uploads\/2024\/10\/IMG_2723-scaled.jpeg","url":"https:\/\/www.nojo.fr\/wp-content\/uploads\/2024\/10\/IMG_2723-scaled.jpeg","contentUrl":"https:\/\/www.nojo.fr\/wp-content\/uploads\/2024\/10\/IMG_2723-scaled.jpeg","width":2560,"height":1920,"caption":"admin-wordpress-serge"},"logo":{"@id":"https:\/\/www.nojo.fr\/wp-content\/uploads\/2024\/10\/IMG_2723-scaled.jpeg"},"sameAs":["http:\/\/www.nojo.fr"],"url":"http:\/\/www.nojo.fr\/index.php\/author\/admin-wordpress-serge\/"}]}},"_links":{"self":[{"href":"http:\/\/www.nojo.fr\/index.php\/wp-json\/wp\/v2\/posts\/432","targetHints":{"allow":["GET"]}}],"collection":[{"href":"http:\/\/www.nojo.fr\/index.php\/wp-json\/wp\/v2\/posts"}],"about":[{"href":"http:\/\/www.nojo.fr\/index.php\/wp-json\/wp\/v2\/types\/post"}],"author":[{"embeddable":true,"href":"http:\/\/www.nojo.fr\/index.php\/wp-json\/wp\/v2\/users\/1"}],"replies":[{"embeddable":true,"href":"http:\/\/www.nojo.fr\/index.php\/wp-json\/wp\/v2\/comments?post=432"}],"version-history":[{"count":1,"href":"http:\/\/www.nojo.fr\/index.php\/wp-json\/wp\/v2\/posts\/432\/revisions"}],"predecessor-version":[{"id":434,"href":"http:\/\/www.nojo.fr\/index.php\/wp-json\/wp\/v2\/posts\/432\/revisions\/434"}],"wp:attachment":[{"href":"http:\/\/www.nojo.fr\/index.php\/wp-json\/wp\/v2\/media?parent=432"}],"wp:term":[{"taxonomy":"category","embeddable":true,"href":"http:\/\/www.nojo.fr\/index.php\/wp-json\/wp\/v2\/categories?post=432"},{"taxonomy":"post_tag","embeddable":true,"href":"http:\/\/www.nojo.fr\/index.php\/wp-json\/wp\/v2\/tags?post=432"}],"curies":[{"name":"wp","href":"https:\/\/api.w.org\/{rel}","templated":true}]}}